{"id":196,"date":"2023-08-25T17:12:48","date_gmt":"2023-08-25T15:12:48","guid":{"rendered":"https:\/\/www.alcollot.fr\/lorvelo-actu\/?p=196"},"modified":"2024-10-07T16:27:33","modified_gmt":"2024-10-07T14:27:33","slug":"les-realisations-en-cours","status":"publish","type":"post","link":"https:\/\/www.alcollot.fr\/lorvelo-actu\/les-realisations-en-cours\/","title":{"rendered":"LES REALISATIONS EN COURS"},"content":{"rendered":"\n<p><strong>octobre 2024 : LA V52 DE MARON A FOUG<\/strong><\/p>\n\n\n<div class=\"wp-block-image\">\n<figure class=\"aligncenter size-full is-resized\"><img loading=\"lazy\" decoding=\"async\" width=\"907\" height=\"708\" src=\"https:\/\/www.alcollot.fr\/lorvelo-actu\/wp-content\/uploads\/2023\/08\/Capture-decran-2024-10-07-a-16.08.52.png\" alt=\"\" class=\"wp-image-1170\" style=\"width:514px;height:auto\" srcset=\"https:\/\/www.alcollot.fr\/lorvelo-actu\/wp-content\/uploads\/2023\/08\/Capture-decran-2024-10-07-a-16.08.52.png 907w, https:\/\/www.alcollot.fr\/lorvelo-actu\/wp-content\/uploads\/2023\/08\/Capture-decran-2024-10-07-a-16.08.52-300x234.png 300w, https:\/\/www.alcollot.fr\/lorvelo-actu\/wp-content\/uploads\/2023\/08\/Capture-decran-2024-10-07-a-16.08.52-768x599.png 768w\" sizes=\"auto, (max-width: 907px) 100vw, 907px\" \/><\/figure>\n<\/div>\n\n\n<p class=\"has-small-font-size\">Un article de l&rsquo;Est R\u00e9publicain<\/p>\n\n\n\n<p class=\"has-small-font-size\">Une nouvelle \u00e9tape des travaux de la V\u00e9loroute V 52 est entam\u00e9e entre Maron et Foug, permettant ainsi une liaison entre Xures et Lay-saint-remy sur le territoire de la Meurthe et Moselle. Pour Chaynesse Khirouni, pr\u00e9sidente du CD 54 : la voie cyclable permet de d\u00e9velopper un r\u00e9seau de moblilit\u00e9 douce pour les habitants, elle cr\u00e9e une zone de loisirs pour les sorties \u00e0 v\u00e9lo et favorise un tourisme vert. La V52 est financ\u00e9e \u00e0 hauteur de 20 millions d&rsquo;euros par le d\u00e9partement, mais aussi par des aides de la R\u00e9gion et de l&rsquo;Europe. L&rsquo;entretien de cette partie de voie verte sera assur\u00e9 par la Communaut\u00e9 de Communes Terres Touloises.<\/p>\n\n\n\n<p><strong>f\u00e9vrier 2024 :DE LA  CITE SAINTE-FONTAINE A FREYMING-MERLEBACH ET KARLSBRUNN<\/strong><\/p>\n\n\n\n<p class=\"has-small-font-size\">Un article du R\u00e9publicain lorrain                                                                                                                                Les travaux ont commenc\u00e9 au niveau de la carri\u00e8re du Barrois \u00e0 Freyming-Merlebach.<\/p>\n\n\n<div class=\"wp-block-image\">\n<figure class=\"aligncenter size-full is-resized\"><img loading=\"lazy\" decoding=\"async\" width=\"999\" height=\"754\" src=\"https:\/\/www.alcollot.fr\/lorvelo-actu\/wp-content\/uploads\/2024\/03\/Capture-decran-2024-03-14-a-11.31.54.png\" alt=\"\" class=\"wp-image-1075\" style=\"width:484px;height:auto\" srcset=\"https:\/\/www.alcollot.fr\/lorvelo-actu\/wp-content\/uploads\/2024\/03\/Capture-decran-2024-03-14-a-11.31.54.png 999w, https:\/\/www.alcollot.fr\/lorvelo-actu\/wp-content\/uploads\/2024\/03\/Capture-decran-2024-03-14-a-11.31.54-300x226.png 300w, https:\/\/www.alcollot.fr\/lorvelo-actu\/wp-content\/uploads\/2024\/03\/Capture-decran-2024-03-14-a-11.31.54-768x580.png 768w\" sizes=\"auto, (max-width: 999px) 100vw, 999px\" \/><\/figure>\n<\/div>\n\n\n<p><strong>f\u00e9vrier 2024 : VECKRING : LA VOIE VERTE ENFIN RELIEE A LA PISTE CYCLABLE DE LA CCAM<\/strong><\/p>\n\n\n\n<p class=\"has-small-font-size\">un article du R\u00e9publicain Lorrain du 2 f\u00e9vrier<\/p>\n\n\n<div class=\"wp-block-image\">\n<figure class=\"aligncenter size-full is-resized\"><img loading=\"lazy\" decoding=\"async\" width=\"762\" height=\"477\" src=\"https:\/\/www.alcollot.fr\/lorvelo-actu\/wp-content\/uploads\/2024\/02\/Capture-decran-2024-02-03-a-15.32.48.png\" alt=\"\" class=\"wp-image-1051\" style=\"width:341px;height:auto\" srcset=\"https:\/\/www.alcollot.fr\/lorvelo-actu\/wp-content\/uploads\/2024\/02\/Capture-decran-2024-02-03-a-15.32.48.png 762w, https:\/\/www.alcollot.fr\/lorvelo-actu\/wp-content\/uploads\/2024\/02\/Capture-decran-2024-02-03-a-15.32.48-300x188.png 300w\" sizes=\"auto, (max-width: 762px) 100vw, 762px\" \/><\/figure>\n<\/div>\n\n\n<p class=\"has-small-font-size\">la commune a obtenu une subvention de 44 100\u20ac&nbsp;du FEADER (Fonds europ\u00e9en agricole pour le d\u00e9veloppement rural) et de 25 900\u20ac de la R\u00e9gion Grand Est. La commune n&rsquo;aura finalement d\u00e9pens\u00e9 que 30 000\u20ac pour de gros travaux de terrassement et d&rsquo;infrastructure et la pose d&rsquo;une rambarde en bois de 190 m\u00e8tres de long. D\u00e8s les beaux jours, j&rsquo;irai tester cette voie verte.<\/p>\n\n\n\n<p class=\"has-medium-font-size\"><strong>janvier 2024 : PISTE CYCLABLE NEUVES-MAISONS MARON sur la rive droite de la Moselle<\/strong><\/p>\n\n\n\n<p class=\"has-small-font-size\">le parcours de Neuves-Maisons \u00e0 Chaligny (3 km) est d\u00e9j\u00e0 fonctionnel. L&rsquo;enrob\u00e9 entre Chaligny et Maron (2 km) sera pos\u00e9 au printemps. Neuves-Maison et Maron seront d\u00e9sormais reli\u00e9s par deux pistes : la Boucle de la Moselle sur la rive gauche et cette piste sur la rive droite.<\/p>\n\n\n<div class=\"wp-block-image\">\n<figure class=\"aligncenter size-full is-resized\"><img loading=\"lazy\" decoding=\"async\" width=\"928\" height=\"569\" src=\"https:\/\/www.alcollot.fr\/lorvelo-actu\/wp-content\/uploads\/2024\/01\/Neuves-Maisons-1.png\" alt=\"\" class=\"wp-image-1017\" style=\"width:485px;height:auto\" srcset=\"https:\/\/www.alcollot.fr\/lorvelo-actu\/wp-content\/uploads\/2024\/01\/Neuves-Maisons-1.png 928w, https:\/\/www.alcollot.fr\/lorvelo-actu\/wp-content\/uploads\/2024\/01\/Neuves-Maisons-1-300x184.png 300w, https:\/\/www.alcollot.fr\/lorvelo-actu\/wp-content\/uploads\/2024\/01\/Neuves-Maisons-1-768x471.png 768w\" sizes=\"auto, (max-width: 928px) 100vw, 928px\" \/><\/figure>\n<\/div>\n\n<div class=\"wp-block-image\">\n<figure class=\"aligncenter size-large is-resized\"><img loading=\"lazy\" decoding=\"async\" width=\"1024\" height=\"461\" src=\"https:\/\/www.alcollot.fr\/lorvelo-actu\/wp-content\/uploads\/2024\/01\/Neuves-Maisons-1-1024x461.jpeg\" alt=\"\" class=\"wp-image-1018\" style=\"width:478px;height:auto\" srcset=\"https:\/\/www.alcollot.fr\/lorvelo-actu\/wp-content\/uploads\/2024\/01\/Neuves-Maisons-1-1024x461.jpeg 1024w, https:\/\/www.alcollot.fr\/lorvelo-actu\/wp-content\/uploads\/2024\/01\/Neuves-Maisons-1-300x135.jpeg 300w, https:\/\/www.alcollot.fr\/lorvelo-actu\/wp-content\/uploads\/2024\/01\/Neuves-Maisons-1-768x346.jpeg 768w, https:\/\/www.alcollot.fr\/lorvelo-actu\/wp-content\/uploads\/2024\/01\/Neuves-Maisons-1-1536x691.jpeg 1536w, https:\/\/www.alcollot.fr\/lorvelo-actu\/wp-content\/uploads\/2024\/01\/Neuves-Maisons-1.jpeg 1600w\" sizes=\"auto, (max-width: 1024px) 100vw, 1024px\" \/><\/figure>\n<\/div>\n\n\n<p class=\"has-medium-font-size\"><strong>d\u00e9cembre 2023 VOIE VERTE ENTRE TOMBLAINE ET ART-SUR-MEURTHE<\/strong><\/p>\n\n\n<div class=\"wp-block-image\">\n<figure class=\"aligncenter size-full is-resized\"><img loading=\"lazy\" decoding=\"async\" width=\"594\" height=\"639\" src=\"https:\/\/www.alcollot.fr\/lorvelo-actu\/wp-content\/uploads\/2023\/12\/Capture-decran-2023-12-30-a-16.45.27.png\" alt=\"\" class=\"wp-image-973\" style=\"width:337px;height:auto\" srcset=\"https:\/\/www.alcollot.fr\/lorvelo-actu\/wp-content\/uploads\/2023\/12\/Capture-decran-2023-12-30-a-16.45.27.png 594w, https:\/\/www.alcollot.fr\/lorvelo-actu\/wp-content\/uploads\/2023\/12\/Capture-decran-2023-12-30-a-16.45.27-279x300.png 279w\" sizes=\"auto, (max-width: 594px) 100vw, 594px\" \/><\/figure>\n<\/div>\n\n\n<p>Une publication sur le site de la M\u00e9tropole du Grand Nancy<\/p>\n\n\n\n<p>Ce parcours de 1,6 km permet de relier la piste cyclable situ\u00e9e \u00e0 Tomblaine \u00e0 hauteur du carrefour du Bois la Dame jusqu&rsquo;\u00e0 la piste cyclable au niveau du carrefour de l&rsquo;Avenue Sainte-Marguerite avec le Chemin Strat\u00e9gique \u00e0 Art-sur-Meurthe. Les travaux devraient \u00eatre termin\u00e9s \u00e0 l&rsquo;\u00e9t\u00e9 2024.<\/p>\n\n\n\n<p class=\"has-medium-font-size\"><strong>2023 septembre : 57-ARC MOSELLAN<\/strong><\/p>\n\n\n<div class=\"wp-block-image\">\n<figure class=\"aligncenter size-full is-resized\"><img loading=\"lazy\" decoding=\"async\" width=\"637\" height=\"481\" src=\"https:\/\/www.alcollot.fr\/lorvelo-actu\/wp-content\/uploads\/2023\/09\/Capture-decran-2023-09-14-a-08.45.48.png\" alt=\"\" class=\"wp-image-644\" style=\"width:341px;height:258px\" srcset=\"https:\/\/www.alcollot.fr\/lorvelo-actu\/wp-content\/uploads\/2023\/09\/Capture-decran-2023-09-14-a-08.45.48.png 637w, https:\/\/www.alcollot.fr\/lorvelo-actu\/wp-content\/uploads\/2023\/09\/Capture-decran-2023-09-14-a-08.45.48-300x227.png 300w\" sizes=\"auto, (max-width: 637px) 100vw, 637px\" \/><\/figure>\n<\/div>\n\n\n<p class=\"has-small-font-size\">\u00e0 l&rsquo;occasion de sa balade gourmande sur les pistes de la Canner du 24 septembre, la Com&rsquo;com pr\u00e9cise son programme :<\/p>\n\n\n\n<p class=\"has-small-font-size\">-octobre : ouverture de la voie entre K\u00e9dange et Bettelainville via Metzeresche et Luttange -printemps 2024 : mise en service de la portion : Metzeresche, Volstroff, Gu\u00e9nange -ensuite : Metzervisse, Distroff, Metzeresche et ceci dans le cadre de la mise en place d&rsquo;un r\u00e9seau de 45 km sur l&rsquo;ensemble du territoire pour un montant de 6M\u20ac.<\/p>\n\n\n\n<p class=\"has-medium-font-size\"><strong>2023 ao\u00fbt : 57-UNE NOUVELLE PISTE CYCLABLE DE FORBACH A SARREBRUCK<\/strong><\/p>\n\n\n\n<p class=\"has-small-font-size\">Un article du R\u00e9publicain Lorrain <\/p>\n\n\n\n<p class=\"has-small-font-size\">Une nouvelle piste cyclable pour relier Forbach, Schoeneck et Stiring-Wendel permettra de relier Sarrebr\u00fcck et de faire d\u00e9couvrir l&rsquo;ancienne carri\u00e8re de sable Simon est en cours de cr\u00e9ation par la Communaut\u00e9 de Communes de Forbach<\/p>\n\n\n<div class=\"wp-block-image\">\n<figure class=\"aligncenter size-full is-resized\"><img loading=\"lazy\" decoding=\"async\" width=\"974\" height=\"760\" src=\"https:\/\/www.alcollot.fr\/lorvelo-actu\/wp-content\/uploads\/2023\/08\/Forbach-Sarrebruck.png\" alt=\"\" class=\"wp-image-469\" style=\"width:470px;height:366px\" srcset=\"https:\/\/www.alcollot.fr\/lorvelo-actu\/wp-content\/uploads\/2023\/08\/Forbach-Sarrebruck.png 974w, https:\/\/www.alcollot.fr\/lorvelo-actu\/wp-content\/uploads\/2023\/08\/Forbach-Sarrebruck-300x234.png 300w, https:\/\/www.alcollot.fr\/lorvelo-actu\/wp-content\/uploads\/2023\/08\/Forbach-Sarrebruck-768x599.png 768w\" sizes=\"auto, (max-width: 974px) 100vw, 974px\" \/><\/figure>\n<\/div>\n\n\n<p class=\"has-medium-font-size\"><strong>2023 juin : 57-VOIE VERTE POUILLY-MARLY<\/strong><\/p>\n\n\n\n<p class=\"has-small-font-size\">Un article du r\u00e9publicain lorrain du 2 juin 2023<\/p>\n\n\n<div class=\"wp-block-image\">\n<figure class=\"aligncenter size-full is-resized\"><img loading=\"lazy\" decoding=\"async\" width=\"1003\" height=\"811\" src=\"https:\/\/www.alcollot.fr\/lorvelo-actu\/wp-content\/uploads\/2023\/08\/Poully-Marly.png\" alt=\"\" class=\"wp-image-380\" style=\"width:477px;height:386px\" srcset=\"https:\/\/www.alcollot.fr\/lorvelo-actu\/wp-content\/uploads\/2023\/08\/Poully-Marly.png 1003w, https:\/\/www.alcollot.fr\/lorvelo-actu\/wp-content\/uploads\/2023\/08\/Poully-Marly-300x243.png 300w, https:\/\/www.alcollot.fr\/lorvelo-actu\/wp-content\/uploads\/2023\/08\/Poully-Marly-768x621.png 768w\" sizes=\"auto, (max-width: 1003px) 100vw, 1003px\" \/><\/figure>\n<\/div>\n\n\n<p class=\"has-small-font-size\">Il s&rsquo;agit d&rsquo;am\u00e9nager le chemin rural depuis la rue Sur-les-Vignes (lotissement Ch\u00e8vre-Haie \u00e0 Pouilly), jusqu&rsquo;\u00e0 la rue des Gen\u00eats \u00e0 Marly.Une Voie Verte sera cr\u00e9\u00e9e \u00e0 Marly le long de la D113 vers le NEC, pour rejoindre le terminus des futurs am\u00e9nagements de la ligne C du Mettis.<\/p>\n\n\n\n<p class=\"has-small-font-size\">Longueur : 1,5 km + 450 m jusqu&rsquo;au NEC. Co\u00fbt : 580 000\u20ac.<\/p>\n\n\n\n<p class=\"has-small-font-size\">Maitre d&rsquo;ouvrage : l&rsquo;Eurom\u00e9tropole de Metz<\/p>\n\n\n\n<p class=\"has-medium-font-size\"><strong>2023 avril 57-ARC MOSELLAN<\/strong><\/p>\n\n\n<div class=\"wp-block-image\">\n<figure class=\"aligncenter size-large is-resized\"><img loading=\"lazy\" decoding=\"async\" width=\"525\" height=\"1024\" src=\"https:\/\/www.alcollot.fr\/lorvelo-actu\/wp-content\/uploads\/2023\/08\/Arc-Mosellan-525x1024.jpeg\" alt=\"\" class=\"wp-image-376\" style=\"width:335px;height:653px\" srcset=\"https:\/\/www.alcollot.fr\/lorvelo-actu\/wp-content\/uploads\/2023\/08\/Arc-Mosellan-525x1024.jpeg 525w, https:\/\/www.alcollot.fr\/lorvelo-actu\/wp-content\/uploads\/2023\/08\/Arc-Mosellan-154x300.jpeg 154w, https:\/\/www.alcollot.fr\/lorvelo-actu\/wp-content\/uploads\/2023\/08\/Arc-Mosellan-768x1498.jpeg 768w, https:\/\/www.alcollot.fr\/lorvelo-actu\/wp-content\/uploads\/2023\/08\/Arc-Mosellan-788x1536.jpeg 788w, https:\/\/www.alcollot.fr\/lorvelo-actu\/wp-content\/uploads\/2023\/08\/Arc-Mosellan-1050x2048.jpeg 1050w, https:\/\/www.alcollot.fr\/lorvelo-actu\/wp-content\/uploads\/2023\/08\/Arc-Mosellan-scaled.jpeg 1313w\" sizes=\"auto, (max-width: 525px) 100vw, 525px\" \/><\/figure>\n<\/div>\n\n<div class=\"wp-block-image\">\n<figure class=\"aligncenter size-full is-resized\"><img loading=\"lazy\" decoding=\"async\" width=\"986\" height=\"801\" src=\"https:\/\/www.alcollot.fr\/lorvelo-actu\/wp-content\/uploads\/2023\/08\/Arc-Mosellan.png\" alt=\"\" class=\"wp-image-377\" style=\"width:339px;height:275px\" srcset=\"https:\/\/www.alcollot.fr\/lorvelo-actu\/wp-content\/uploads\/2023\/08\/Arc-Mosellan.png 986w, https:\/\/www.alcollot.fr\/lorvelo-actu\/wp-content\/uploads\/2023\/08\/Arc-Mosellan-300x244.png 300w, https:\/\/www.alcollot.fr\/lorvelo-actu\/wp-content\/uploads\/2023\/08\/Arc-Mosellan-768x624.png 768w\" sizes=\"auto, (max-width: 986px) 100vw, 986px\" \/><\/figure>\n<\/div>\n\n\n<p class=\"has-small-font-size\">Un article du R\u00e9publicain Lorrain du 7 avril 2023 : coup d&rsquo;envoi du projet de cr\u00e9ation de 45 km de pistes cyclables \u00e0 travers 20 communes de l&rsquo;Arc Mosellan.<\/p>\n\n\n\n<p class=\"has-small-font-size\">1er tron\u00e7on de 13 km de L\u00e9mestroff \u00e0 Kedange-sur-Canner 1,4M\u20ac<\/p>\n\n\n\n<p class=\"has-small-font-size\">2\u00e8me tron\u00e7on entre K\u00e9dange-sur-Canner et Bettelainville (13 km)<\/p>\n\n\n\n<p class=\"has-medium-font-size\"><strong>2022 juin<\/strong> <strong>57-PASSERELLE  de CORNY-SUR-MOSELLE <\/strong><\/p>\n\n\n\n<p class=\"has-small-font-size\">Construction d&rsquo;une passerelle pour pi\u00e9tons et cyclistes reliant Corny-sur-Moselle \u00e0 Nov\u00e9ant-sur-Moselle.<\/p>\n\n\n\n<p class=\"has-small-font-size\">un article du R\u00e9publicain Lorrain du 22 avril 2022 28 ao\u00fbt 2022<\/p>\n\n\n\n<p class=\"has-small-font-size\">Pr\u00e9sentation du projet sur le site de Mad et Moselle.<\/p>\n\n\n\n<p class=\"has-small-font-size\"><a href=\"https:\/\/www.cc-madetmoselle.fr\/fr\/nos-actualites\/creation-d-une-passerelle-sur-la-moselle-entre-corny-sur-moselle-et-noveant-sur-moselle-1_-n.html\">https:\/\/www.cc-madetmoselle.fr\/fr\/nos-actualites\/creation-d-une-passerelle-sur-la-moselle-entre-corny-sur-moselle-et-noveant-sur-moselle-1_-n.html<\/a><\/p>\n\n\n\n<p class=\"has-small-font-size\">Un chantier d&rsquo;une grande technicit\u00e9, r\u00e9alis\u00e9 par 2 entreprises r\u00e9gionales : Demathieu Bard et Berthold.Une r\u00e9alisation v\u00e9ritablement spectaculaire. Pour tous celles et ceux qui connaissent le parcours actuel, on rejoindra la V50 derri\u00e8re la gare de Nov\u00e9ant-sur-Moselle apr\u00e8s avoir pass\u00e9 sous le pont routier, d\u00e8s la Moselle franchie. C&rsquo;est peut-\u00eatre l&rsquo;occasion de faire le parcours Metz Pont-\u00e0-Mousson. <\/p>\n\n\n\n<p class=\"has-small-font-size\">Encore bravo \u00e0 la Communaut\u00e9 de Communes Mad et Moselle (20 000 hab) \u00e0 l&rsquo;initiative de cette passerelle.<\/p>\n\n\n\n<p class=\"has-small-font-size\">Maitrise d&rsquo;ouvrage : Communaut\u00e9 de Communes Mad et Moselle. Maitrise d&rsquo;oeuvre : d\u00e9partement de la Moselle.<\/p>\n\n\n\n<figure class=\"wp-block-image size-full\"><img loading=\"lazy\" decoding=\"async\" width=\"1023\" height=\"772\" src=\"https:\/\/www.alcollot.fr\/lorvelo-actu\/wp-content\/uploads\/2023\/07\/Capture-decran-2023-07-29-a-11.33.18.png\" alt=\"\" class=\"wp-image-334\" srcset=\"https:\/\/www.alcollot.fr\/lorvelo-actu\/wp-content\/uploads\/2023\/07\/Capture-decran-2023-07-29-a-11.33.18.png 1023w, https:\/\/www.alcollot.fr\/lorvelo-actu\/wp-content\/uploads\/2023\/07\/Capture-decran-2023-07-29-a-11.33.18-300x226.png 300w, https:\/\/www.alcollot.fr\/lorvelo-actu\/wp-content\/uploads\/2023\/07\/Capture-decran-2023-07-29-a-11.33.18-768x580.png 768w\" sizes=\"auto, (max-width: 1023px) 100vw, 1023px\" \/><\/figure>\n\n\n\n<p class=\"has-small-font-size\"><\/p>\n\n\n\n<p class=\"has-medium-font-size\"><strong>2021 d\u00e9cembre  57-PONTS CITEZEN DE THIONVILLE<\/strong> <\/p>\n\n\n\n<p class=\"has-small-font-size\">Mise en service pr\u00e9vue en 2026.<\/p>\n\n\n\n<p class=\"has-small-font-size\">Maitrise d&rsquo;ouvrage : SMITU Thionville-Fensch<\/p>\n\n\n\n<p class=\"has-small-font-size\">Les 2 nouveaux ponts construits un pour franchir la Moselle, l&rsquo;autre pour franchir les voies SNCF seront dot\u00e9s d&rsquo;une voie atonome pour les cyclistes et les pi\u00e9tons. Cet am\u00e9nagement ne manquera pas de modifier le trac\u00e9 de La Voie Bleue \u00e0 l&rsquo;arriv\u00e9e et au d\u00e9part de Thionville.<\/p>\n\n\n\n<figure class=\"wp-block-image size-full is-resized\"><img loading=\"lazy\" decoding=\"async\" width=\"1025\" height=\"773\" src=\"https:\/\/www.alcollot.fr\/lorvelo-actu\/wp-content\/uploads\/2023\/08\/Citezen-keynote.png\" alt=\"\" class=\"wp-image-378\" style=\"width:839px;height:632px\" srcset=\"https:\/\/www.alcollot.fr\/lorvelo-actu\/wp-content\/uploads\/2023\/08\/Citezen-keynote.png 1025w, https:\/\/www.alcollot.fr\/lorvelo-actu\/wp-content\/uploads\/2023\/08\/Citezen-keynote-300x226.png 300w, https:\/\/www.alcollot.fr\/lorvelo-actu\/wp-content\/uploads\/2023\/08\/Citezen-keynote-768x579.png 768w\" sizes=\"auto, (max-width: 1025px) 100vw, 1025px\" \/><\/figure>\n","protected":false},"excerpt":{"rendered":"<p>octobre 2024 : LA V52 DE MARON A FOUG Un article de l&rsquo;Est R\u00e9publicain Une nouvelle \u00e9tape des travaux de la V\u00e9loroute V 52 est entam\u00e9e entre Maron et Foug,&#8230; <a class=\"read-more\" href=\"https:\/\/www.alcollot.fr\/lorvelo-actu\/les-realisations-en-cours\/\">[Continuer la lecture]<\/a><\/p>\n","protected":false},"author":2,"featured_media":852,"comment_status":"closed","ping_status":"closed","sticky":false,"template":"","format":"standard","meta":{"footnotes":""},"categories":[18],"tags":[],"class_list":["post-196","post","type-post","status-publish","format-standard","has-post-thumbnail","hentry","category-realisations-en-cours"],"_links":{"self":[{"href":"https:\/\/www.alcollot.fr\/lorvelo-actu\/wp-json\/wp\/v2\/posts\/196","targetHints":{"allow":["GET"]}}],"collection":[{"href":"https:\/\/www.alcollot.fr\/lorvelo-actu\/wp-json\/wp\/v2\/posts"}],"about":[{"href":"https:\/\/www.alcollot.fr\/lorvelo-actu\/wp-json\/wp\/v2\/types\/post"}],"author":[{"embeddable":true,"href":"https:\/\/www.alcollot.fr\/lorvelo-actu\/wp-json\/wp\/v2\/users\/2"}],"replies":[{"embeddable":true,"href":"https:\/\/www.alcollot.fr\/lorvelo-actu\/wp-json\/wp\/v2\/comments?post=196"}],"version-history":[{"count":39,"href":"https:\/\/www.alcollot.fr\/lorvelo-actu\/wp-json\/wp\/v2\/posts\/196\/revisions"}],"predecessor-version":[{"id":1171,"href":"https:\/\/www.alcollot.fr\/lorvelo-actu\/wp-json\/wp\/v2\/posts\/196\/revisions\/1171"}],"wp:featuredmedia":[{"embeddable":true,"href":"https:\/\/www.alcollot.fr\/lorvelo-actu\/wp-json\/wp\/v2\/media\/852"}],"wp:attachment":[{"href":"https:\/\/www.alcollot.fr\/lorvelo-actu\/wp-json\/wp\/v2\/media?parent=196"}],"wp:term":[{"taxonomy":"category","embeddable":true,"href":"https:\/\/www.alcollot.fr\/lorvelo-actu\/wp-json\/wp\/v2\/categories?post=196"},{"taxonomy":"post_tag","embeddable":true,"href":"https:\/\/www.alcollot.fr\/lorvelo-actu\/wp-json\/wp\/v2\/tags?post=196"}],"curies":[{"name":"wp","href":"https:\/\/api.w.org\/{rel}","templated":true}]}}