{"id":182,"date":"2023-08-25T17:24:54","date_gmt":"2023-08-25T15:24:54","guid":{"rendered":"https:\/\/www.alcollot.fr\/lorvelo-actu\/?p=182"},"modified":"2024-03-05T10:51:43","modified_gmt":"2024-03-05T09:51:43","slug":"les-actualites-lorvelo","status":"publish","type":"post","link":"https:\/\/www.alcollot.fr\/lorvelo-actu\/les-actualites-lorvelo\/","title":{"rendered":"L&rsquo; ACTUALITE DE LORVELO"},"content":{"rendered":"\n<p class=\"has-medium-font-size\"><strong>f\u00e9vrier 202<\/strong>4<\/p>\n\n\n\n<p class=\"has-medium-font-size\"><strong> LA VALLEE DE LA MEURTHE<\/strong><\/p>\n\n\n\n<p class=\"has-small-font-size\">un bel article du d\u00e9partement de Meurthe-et-Moselle<\/p>\n\n\n\n<p><a href=\"https:\/\/www.facebook.com\/search\/top?q=vallee%20de%20la%20meurthe\">https:\/\/www.facebook.com\/search\/top?q=vallee%20de%20la%20meurthe<\/a><\/p>\n\n\n<div class=\"wp-block-image\">\n<figure class=\"aligncenter size-full is-resized\"><img loading=\"lazy\" decoding=\"async\" width=\"677\" height=\"452\" src=\"https:\/\/www.alcollot.fr\/lorvelo-actu\/wp-content\/uploads\/2024\/02\/Capture-decran-2024-02-05-a-09.10.57.png\" alt=\"\" class=\"wp-image-1055\" style=\"width:342px;height:auto\" srcset=\"https:\/\/www.alcollot.fr\/lorvelo-actu\/wp-content\/uploads\/2024\/02\/Capture-decran-2024-02-05-a-09.10.57.png 677w, https:\/\/www.alcollot.fr\/lorvelo-actu\/wp-content\/uploads\/2024\/02\/Capture-decran-2024-02-05-a-09.10.57-300x200.png 300w\" sizes=\"auto, (max-width: 677px) 100vw, 677px\" \/><\/figure>\n<\/div>\n\n\n<p class=\"has-small-font-size\">lorvelo travaille actuellement sur un nouveau parcours \u00ab\u00a0La Meurthe \u00e0 v\u00e9lo\u00a0\u00bb, qui sera publi\u00e9 au d\u00e9but de l&rsquo;\u00e9t\u00e9<\/p>\n\n\n<div class=\"wp-block-image\">\n<figure class=\"aligncenter size-full is-resized\"><img loading=\"lazy\" decoding=\"async\" width=\"829\" height=\"636\" src=\"https:\/\/www.alcollot.fr\/lorvelo-actu\/wp-content\/uploads\/2024\/02\/Capture-decran-2024-02-05-a-09.19.36.png\" alt=\"\" class=\"wp-image-1056\" style=\"width:669px;height:auto\" srcset=\"https:\/\/www.alcollot.fr\/lorvelo-actu\/wp-content\/uploads\/2024\/02\/Capture-decran-2024-02-05-a-09.19.36.png 829w, https:\/\/www.alcollot.fr\/lorvelo-actu\/wp-content\/uploads\/2024\/02\/Capture-decran-2024-02-05-a-09.19.36-300x230.png 300w, https:\/\/www.alcollot.fr\/lorvelo-actu\/wp-content\/uploads\/2024\/02\/Capture-decran-2024-02-05-a-09.19.36-768x589.png 768w\" sizes=\"auto, (max-width: 829px) 100vw, 829px\" \/><\/figure>\n<\/div>\n\n\n<p class=\"has-medium-font-size\"><strong>janvier 2024 : 2 NOUVEAUX LIVRETS <\/strong><\/p>\n\n\n\n<p><strong>BOUCLE D&rsquo;HAGONDANGE par Rombas et Richemont<\/strong><\/p>\n\n\n\n<p class=\"has-small-font-size\">La mise en service r\u00e9cente d&rsquo;une piste cyclable reliant Hagondange et Amn\u00e9ville et, pr\u00e9c\u00e9demment, de Rombas \u00e0 Richemont et de Richemont \u00e0 la Voie Bleue a permis d&rsquo;envisager un circuit tr\u00e8s sympa, empruntant une petite partie de la Voie Bleue. On roule sur les berges de l&rsquo;Orne puis de la Moselle. On d\u00e9marre et on termine au bord du tr\u00e8s beau plan d&rsquo;eau de la Ballasti\u00e8re \u00e0 Hagondange. <\/p>\n\n\n<div class=\"wp-block-image\">\n<figure class=\"aligncenter size-large is-resized\"><img loading=\"lazy\" decoding=\"async\" width=\"1024\" height=\"696\" src=\"https:\/\/www.alcollot.fr\/lorvelo-actu\/wp-content\/uploads\/2024\/02\/Capture-decran-2024-02-01-a-16.35.55-1024x696.png\" alt=\"\" class=\"wp-image-1046\" style=\"width:340px;height:auto\" srcset=\"https:\/\/www.alcollot.fr\/lorvelo-actu\/wp-content\/uploads\/2024\/02\/Capture-decran-2024-02-01-a-16.35.55-1024x696.png 1024w, https:\/\/www.alcollot.fr\/lorvelo-actu\/wp-content\/uploads\/2024\/02\/Capture-decran-2024-02-01-a-16.35.55-300x204.png 300w, https:\/\/www.alcollot.fr\/lorvelo-actu\/wp-content\/uploads\/2024\/02\/Capture-decran-2024-02-01-a-16.35.55-768x522.png 768w, https:\/\/www.alcollot.fr\/lorvelo-actu\/wp-content\/uploads\/2024\/02\/Capture-decran-2024-02-01-a-16.35.55.png 1286w\" sizes=\"auto, (max-width: 1024px) 100vw, 1024px\" \/><\/figure>\n<\/div>\n\n\n<p class=\"has-medium-font-size\"><strong>VOIE VERTE DE MICHEVILLE \u00e0 ESCH-BELVAL<\/strong> &#x1f6b4;&#x1f6b4;&#x1f6b4;<\/p>\n\n\n\n<p class=\"has-small-font-size\"><a href=\"https:\/\/www.lorvelo.fr\/docs\/moselle\/voie-verte-de-micheville-a-esch-belval.pdf\">https:\/\/www.lorvelo.fr\/docs\/moselle\/voie-verte-de-micheville-a-esch-belval.pdf<\/a><\/p>\n\n\n\n<p class=\"has-small-font-size\">lorvelo vient de publier un livret sur un parcours original qui relie le c\u00e9l\u00e8bre site de Micheville et ses ambitieux projets de d\u00e9veloppement \u00e0 la ville nouvelle de Esch-Belval au Luxembourg. &#x1f44d;&#x1f44d;&#x1f44d;  Le parcours d\u00e9bute par une nouvelle piste cyclable, traverse de fa\u00e7on astucieuse Russange avec \u00e0 la sortie une vue surprenante sur l&rsquo;ancien haut-fourneau entour\u00e9 d&rsquo;une ville champignon. &#x1f633;&#x1f633;&#x1f633; On poursuit par un chemin agr\u00e9able pour rejoindre la gare de Belval et prendre ensuite la nouvelle passerelle pour pi\u00e9tons et cyclistes (la plus grande d&rsquo;Europe et peut-\u00eatre m\u00eame la plus ch\u00e8re). Retour par un ascenseur qui permet de traverser la gare. Une belle balade.&#x1f603;&#x1f603;&#x1f603;<\/p>\n\n\n<div class=\"wp-block-image\">\n<figure class=\"aligncenter size-large is-resized\"><img loading=\"lazy\" decoding=\"async\" width=\"1024\" height=\"692\" src=\"https:\/\/www.alcollot.fr\/lorvelo-actu\/wp-content\/uploads\/2024\/02\/Capture-decran-2024-02-01-a-16.23.49-1024x692.png\" alt=\"\" class=\"wp-image-1045\" style=\"width:336px;height:auto\" srcset=\"https:\/\/www.alcollot.fr\/lorvelo-actu\/wp-content\/uploads\/2024\/02\/Capture-decran-2024-02-01-a-16.23.49-1024x692.png 1024w, https:\/\/www.alcollot.fr\/lorvelo-actu\/wp-content\/uploads\/2024\/02\/Capture-decran-2024-02-01-a-16.23.49-300x203.png 300w, https:\/\/www.alcollot.fr\/lorvelo-actu\/wp-content\/uploads\/2024\/02\/Capture-decran-2024-02-01-a-16.23.49-768x519.png 768w, https:\/\/www.alcollot.fr\/lorvelo-actu\/wp-content\/uploads\/2024\/02\/Capture-decran-2024-02-01-a-16.23.49.png 1282w\" sizes=\"auto, (max-width: 1024px) 100vw, 1024px\" \/><\/figure>\n<\/div>\n\n\n<p><strong>novembre 2023 : MISE EN PAUSE DE L&rsquo;APPLI <\/strong>pour des raisons techniques.<\/p>\n\n\n\n<p class=\"has-small-font-size\">Toutes les infos qu&rsquo;elle contenait sont d\u00e9sormais disponibles sur le site dans les rubriques : le TOP 100, Pr\u00e8s de chez vous et diagnostics.<\/p>\n\n\n\n<p class=\"has-small-font-size\">Il est possible d&rsquo;afficher en permanence le site lorvelo sur votre smartphone :<\/p>\n\n\n\n<p class=\"has-small-font-size\"><strong>ANDROIDS : <\/strong><\/p>\n\n\n\n<p class=\"has-small-font-size\">t\u00e9l\u00e9charger lorvelo.fr, chercher la fonction \u00ab\u00a0Ajouter \u00e0 l&rsquo;\u00e9cran d&rsquo;accueil\u00a0\u00bb, cliquer sur \u00ab\u00a0ajouter\u00a0\u00bb.<\/p>\n\n\n<div class=\"wp-block-image\">\n<figure class=\"aligncenter size-large is-resized\"><img loading=\"lazy\" decoding=\"async\" width=\"461\" height=\"1024\" src=\"https:\/\/www.alcollot.fr\/lorvelo-actu\/wp-content\/uploads\/2023\/11\/Ecran2-1-1-461x1024.jpg\" alt=\"\" class=\"wp-image-904\" style=\"width:174px;height:auto\" srcset=\"https:\/\/www.alcollot.fr\/lorvelo-actu\/wp-content\/uploads\/2023\/11\/Ecran2-1-1-461x1024.jpg 461w, https:\/\/www.alcollot.fr\/lorvelo-actu\/wp-content\/uploads\/2023\/11\/Ecran2-1-1-135x300.jpg 135w, https:\/\/www.alcollot.fr\/lorvelo-actu\/wp-content\/uploads\/2023\/11\/Ecran2-1-1-768x1707.jpg 768w, https:\/\/www.alcollot.fr\/lorvelo-actu\/wp-content\/uploads\/2023\/11\/Ecran2-1-1-691x1536.jpg 691w, https:\/\/www.alcollot.fr\/lorvelo-actu\/wp-content\/uploads\/2023\/11\/Ecran2-1-1-922x2048.jpg 922w, https:\/\/www.alcollot.fr\/lorvelo-actu\/wp-content\/uploads\/2023\/11\/Ecran2-1-1.jpg 1080w\" sizes=\"auto, (max-width: 461px) 100vw, 461px\" \/><\/figure>\n<\/div>\n\n<div class=\"wp-block-image\">\n<figure class=\"aligncenter size-full is-resized\"><img loading=\"lazy\" decoding=\"async\" width=\"215\" height=\"476\" src=\"https:\/\/www.alcollot.fr\/lorvelo-actu\/wp-content\/uploads\/2023\/11\/Capture-decran-2023-11-08-a-10.28.47.png\" alt=\"\" class=\"wp-image-881\" style=\"width:178px;height:auto\" srcset=\"https:\/\/www.alcollot.fr\/lorvelo-actu\/wp-content\/uploads\/2023\/11\/Capture-decran-2023-11-08-a-10.28.47.png 215w, https:\/\/www.alcollot.fr\/lorvelo-actu\/wp-content\/uploads\/2023\/11\/Capture-decran-2023-11-08-a-10.28.47-136x300.png 136w\" sizes=\"auto, (max-width: 215px) 100vw, 215px\" \/><\/figure>\n<\/div>\n\n\n<p class=\"has-small-font-size\"><strong>IPHONES : <\/strong><\/p>\n\n\n\n<p class=\"has-small-font-size\">Aller sur le site lorvelo avec Safari<\/p>\n\n\n<div class=\"wp-block-image\">\n<figure class=\"aligncenter size-large is-resized\"><img loading=\"lazy\" decoding=\"async\" width=\"942\" height=\"1024\" src=\"https:\/\/www.alcollot.fr\/lorvelo-actu\/wp-content\/uploads\/2023\/11\/IMG_7630-942x1024.jpeg\" alt=\"\" class=\"wp-image-883\" style=\"width:112px;height:auto\" srcset=\"https:\/\/www.alcollot.fr\/lorvelo-actu\/wp-content\/uploads\/2023\/11\/IMG_7630-942x1024.jpeg 942w, https:\/\/www.alcollot.fr\/lorvelo-actu\/wp-content\/uploads\/2023\/11\/IMG_7630-276x300.jpeg 276w, https:\/\/www.alcollot.fr\/lorvelo-actu\/wp-content\/uploads\/2023\/11\/IMG_7630-768x835.jpeg 768w, https:\/\/www.alcollot.fr\/lorvelo-actu\/wp-content\/uploads\/2023\/11\/IMG_7630-1412x1536.jpeg 1412w, https:\/\/www.alcollot.fr\/lorvelo-actu\/wp-content\/uploads\/2023\/11\/IMG_7630-1883x2048.jpeg 1883w\" sizes=\"auto, (max-width: 942px) 100vw, 942px\" \/><\/figure>\n<\/div>\n\n\n<p class=\"has-small-font-size\">Scroller doigt vers le haut<\/p>\n\n\n<div class=\"wp-block-image\">\n<figure class=\"aligncenter size-large is-resized\"><img loading=\"lazy\" decoding=\"async\" width=\"693\" height=\"1024\" src=\"https:\/\/www.alcollot.fr\/lorvelo-actu\/wp-content\/uploads\/2023\/11\/IMG_7631-693x1024.jpeg\" alt=\"\" class=\"wp-image-884\" style=\"width:179px;height:auto\" srcset=\"https:\/\/www.alcollot.fr\/lorvelo-actu\/wp-content\/uploads\/2023\/11\/IMG_7631-693x1024.jpeg 693w, https:\/\/www.alcollot.fr\/lorvelo-actu\/wp-content\/uploads\/2023\/11\/IMG_7631-203x300.jpeg 203w, https:\/\/www.alcollot.fr\/lorvelo-actu\/wp-content\/uploads\/2023\/11\/IMG_7631-768x1135.jpeg 768w, https:\/\/www.alcollot.fr\/lorvelo-actu\/wp-content\/uploads\/2023\/11\/IMG_7631-1039x1536.jpeg 1039w, https:\/\/www.alcollot.fr\/lorvelo-actu\/wp-content\/uploads\/2023\/11\/IMG_7631.jpeg 1178w\" sizes=\"auto, (max-width: 693px) 100vw, 693px\" \/><\/figure>\n<\/div>\n\n\n<p class=\"has-small-font-size\">Cliquer \u00ab\u00a0sur l&rsquo;\u00e9cran d&rsquo;accueil\u00a0\u00bb<\/p>\n\n\n\n<p class=\"has-medium-font-size\"><strong>novembre 2023 : 2 NOUVELLES RUBRIQUES sur le site de lorvelo :<\/strong><\/p>\n\n\n<div class=\"wp-block-image\">\n<figure class=\"aligncenter size-full is-resized\"><img loading=\"lazy\" decoding=\"async\" width=\"1013\" height=\"385\" src=\"https:\/\/www.alcollot.fr\/lorvelo-actu\/wp-content\/uploads\/2023\/11\/Capture-decran-2023-11-16-a-09.13.06.png\" alt=\"\" class=\"wp-image-912\" style=\"width:491px;height:auto\" srcset=\"https:\/\/www.alcollot.fr\/lorvelo-actu\/wp-content\/uploads\/2023\/11\/Capture-decran-2023-11-16-a-09.13.06.png 1013w, https:\/\/www.alcollot.fr\/lorvelo-actu\/wp-content\/uploads\/2023\/11\/Capture-decran-2023-11-16-a-09.13.06-300x114.png 300w, https:\/\/www.alcollot.fr\/lorvelo-actu\/wp-content\/uploads\/2023\/11\/Capture-decran-2023-11-16-a-09.13.06-768x292.png 768w\" sizes=\"auto, (max-width: 1013px) 100vw, 1013px\" \/><\/figure>\n<\/div>\n\n\n<p class=\"has-small-font-size\">Actualit\u00e9 des voie vertes en Lorraine : 9 rubriques d\u00e9taill\u00e9es dans un prochain post.<\/p>\n\n\n\n<p class=\"has-small-font-size\"><a href=\"https:\/\/www.lorvelo.fr\/actualite-voies-vertes-lorraine.php\">https:\/\/www.lorvelo.fr\/actualite-voies-vertes-lorraine.php<\/a><\/p>\n\n\n\n<p class=\"has-small-font-size\">Le TOP 100 : les 100 plus belles balades en Lorraine et aux alentours<\/p>\n\n\n\n<p class=\"has-small-font-size\"><a href=\"https:\/\/www.lorvelo.fr\/les-100-meilleures-balades-a-velo-moselle-luxembourg.php\">https:\/\/www.lorvelo.fr\/les-100-meilleures-balades-a-velo-moselle-luxembourg.php<\/a><\/p>\n\n\n\n<p class=\"has-medium-font-size\"><strong>octobre 2023 : PUBLICATION DE 3 NOUVEAUX LIVRETS<\/strong> :<\/p>\n\n\n\n<p class=\"has-small-font-size\">\u00bb&nbsp;La v\u00e9loroute V52 de Paris \u00e0 Strasbourg&nbsp;<a target=\"_blank\" href=\"https:\/\/www.lorvelo.fr\/docs\/2-veloroutes\/veloroutes\/veloroute-V52-canal-de-la-marne-au-rhin-de-paris-a-strasbourg.pdf\" rel=\"noreferrer noopener\">(<strong>Acc\u00e9der au livret<\/strong>)<\/a><\/p>\n\n\n\n<p class=\"has-small-font-size\">\u00bb&nbsp;La v\u00e9loroute V52 dans la Meuse&nbsp;<a target=\"_blank\" href=\"https:\/\/www.lorvelo.fr\/docs\/meuse\/canal-de-la-marne-au-rhin-dans-la-meuse-de-contrisson-a-pagny-sur-meuse.pdf\" rel=\"noreferrer noopener\">(<strong>Acc\u00e9der au livret<\/strong>)<\/a><\/p>\n\n\n\n<p class=\"has-small-font-size\">\u00bb&nbsp;La V\u00e9loroute V52 de Lay-Saint R\u00e9my \u00e0 Pierre-la-Treiche&nbsp;<a target=\"_blank\" href=\"https:\/\/www.lorvelo.fr\/docs\/meurthe-et-moselle\/54-voie-verte-de-lay-saint-remy-a-pierre-la-treiche.pdf\" rel=\"noreferrer noopener\">(<strong>Acc\u00e9der au livret<\/strong>)<\/a><\/p>\n\n\n\n<p class=\"has-medium-font-size\"><strong>octobre 2023 : RESULTATS DES DIAGNOSTICS  2022 : <\/strong><\/p>\n\n\n\n<p class=\"has-small-font-size\"><a href=\"https:\/\/www.alcollot.fr\/lorvelo-diag\/\">https:\/\/www.alcollot.fr\/lorvelo-diag\/<\/a><\/p>\n\n\n\n<p class=\"has-medium-font-size\"><strong>septembre 2023 : PUBLICATION DE 3 NOUVEAUX LIVRETS<\/strong><\/p>\n\n\n\n<p class=\"has-small-font-size\"><strong>LES PUBLICATIONS R\u00c9CENTES SUR LORVELO.FR<\/strong><\/p>\n\n\n<div class=\"wp-block-image\">\n<figure class=\"aligncenter size-large is-resized\"><img loading=\"lazy\" decoding=\"async\" width=\"1024\" height=\"581\" src=\"https:\/\/www.alcollot.fr\/lorvelo-actu\/wp-content\/uploads\/2023\/09\/Capture-decran-2023-09-26-a-15.30.19-1024x581.png\" alt=\"\" class=\"wp-image-706\" style=\"width:337px;height:191px\" srcset=\"https:\/\/www.alcollot.fr\/lorvelo-actu\/wp-content\/uploads\/2023\/09\/Capture-decran-2023-09-26-a-15.30.19-1024x581.png 1024w, https:\/\/www.alcollot.fr\/lorvelo-actu\/wp-content\/uploads\/2023\/09\/Capture-decran-2023-09-26-a-15.30.19-300x170.png 300w, https:\/\/www.alcollot.fr\/lorvelo-actu\/wp-content\/uploads\/2023\/09\/Capture-decran-2023-09-26-a-15.30.19-768x436.png 768w, https:\/\/www.alcollot.fr\/lorvelo-actu\/wp-content\/uploads\/2023\/09\/Capture-decran-2023-09-26-a-15.30.19.png 1320w\" sizes=\"auto, (max-width: 1024px) 100vw, 1024px\" \/><\/figure>\n<\/div>\n\n\n<p class=\"has-small-font-size\">\u00bb&nbsp;La nouvelle V52 canal de la Marne au Rhin de Laneuveville-devant-Nancy \u00e0 Maixe&nbsp;<a target=\"_blank\" href=\"https:\/\/www.lorvelo.fr\/docs\/meurthe-et-moselle\/54-voie-verte-de-laneuveville-devant-nancy-a-maixe.pdf\" rel=\"noreferrer noopener\">(<strong>Acc\u00e9der au livret<\/strong>)<\/a><\/p>\n\n\n\n<p class=\"has-small-font-size\">\u00bb&nbsp;La nouvelle V52 canal de la Marne au Rhin de Maixe \u00e0 lagarde&nbsp;<a target=\"_blank\" href=\"https:\/\/www.lorvelo.fr\/docs\/meurthe-et-moselle\/54-voie-verte-maixe-lagarde.pdf\" rel=\"noreferrer noopener\">(<strong>Acc\u00e9der au livret<\/strong>)<\/a><\/p>\n\n\n\n<p class=\"has-small-font-size\">\u00bb&nbsp;La nouvelle Voie Verte du Center-Parcs \u00e0 Hattigny \u00e0 Lorquin&nbsp;<a target=\"_blank\" href=\"https:\/\/www.lorvelo.fr\/docs\/moselle\/voie-verte-de-hattigny-center-parcs-a-lorquin.pdf\" rel=\"noreferrer noopener\">(<strong>Acc\u00e9der au livret<\/strong>)<\/a><\/p>\n\n\n\n<p><strong>septembr<\/strong>e <strong>2023 : MISE EN LIGNE D&rsquo;UN NOUVEAU BLOG<\/strong><\/p>\n\n\n<div class=\"wp-block-image\">\n<figure class=\"aligncenter size-large is-resized\"><img loading=\"lazy\" decoding=\"async\" width=\"1024\" height=\"216\" src=\"https:\/\/www.alcollot.fr\/lorvelo-actu\/wp-content\/uploads\/2023\/09\/Capture-decran-2023-09-26-a-15.32.00-1024x216.png\" alt=\"\" class=\"wp-image-708\" style=\"width:471px;height:99px\" srcset=\"https:\/\/www.alcollot.fr\/lorvelo-actu\/wp-content\/uploads\/2023\/09\/Capture-decran-2023-09-26-a-15.32.00-1024x216.png 1024w, https:\/\/www.alcollot.fr\/lorvelo-actu\/wp-content\/uploads\/2023\/09\/Capture-decran-2023-09-26-a-15.32.00-300x63.png 300w, https:\/\/www.alcollot.fr\/lorvelo-actu\/wp-content\/uploads\/2023\/09\/Capture-decran-2023-09-26-a-15.32.00-768x162.png 768w, https:\/\/www.alcollot.fr\/lorvelo-actu\/wp-content\/uploads\/2023\/09\/Capture-decran-2023-09-26-a-15.32.00-1536x324.png 1536w, https:\/\/www.alcollot.fr\/lorvelo-actu\/wp-content\/uploads\/2023\/09\/Capture-decran-2023-09-26-a-15.32.00.png 1630w\" sizes=\"auto, (max-width: 1024px) 100vw, 1024px\" \/><\/figure>\n<\/div>\n\n\n<p class=\"has-small-font-size\">L&rsquo;actualit\u00e9 des Vois Vertes en Lorraine<\/p>\n\n\n\n<p class=\"has-small-font-size\"><a href=\"https:\/\/www.alcollot.fr\/lorvelo-actu\/\">https:\/\/www.alcollot.fr\/lorvelo-actu\/<\/a><\/p>\n\n\n\n<p><strong>ao\u00fbt<\/strong> <strong>2023 : NOUVELLE PAGE facebook LorVelo<\/strong><\/p>\n\n\n<div class=\"wp-block-image\">\n<figure class=\"aligncenter size-large is-resized\"><img loading=\"lazy\" decoding=\"async\" width=\"1024\" height=\"375\" src=\"https:\/\/www.alcollot.fr\/lorvelo-actu\/wp-content\/uploads\/2023\/09\/Capture-decran-2023-09-26-a-15.32.55-1024x375.png\" alt=\"\" class=\"wp-image-709\" style=\"width:476px;height:174px\" srcset=\"https:\/\/www.alcollot.fr\/lorvelo-actu\/wp-content\/uploads\/2023\/09\/Capture-decran-2023-09-26-a-15.32.55-1024x375.png 1024w, https:\/\/www.alcollot.fr\/lorvelo-actu\/wp-content\/uploads\/2023\/09\/Capture-decran-2023-09-26-a-15.32.55-300x110.png 300w, https:\/\/www.alcollot.fr\/lorvelo-actu\/wp-content\/uploads\/2023\/09\/Capture-decran-2023-09-26-a-15.32.55-768x281.png 768w, https:\/\/www.alcollot.fr\/lorvelo-actu\/wp-content\/uploads\/2023\/09\/Capture-decran-2023-09-26-a-15.32.55.png 1259w\" sizes=\"auto, (max-width: 1024px) 100vw, 1024px\" \/><\/figure>\n<\/div>\n\n\n<p class=\"has-small-font-size\">la pr\u00e9c\u00e9dente page lorvelo.fr ayant \u00e9t\u00e9 pirat\u00e9e<\/p>\n\n\n\n<p class=\"has-small-font-size\"><a href=\"https:\/\/www.facebook.com\/profile.php?id=61550546152706\">https:\/\/www.facebook.com\/profile.php?id=61550546152706<\/a><\/p>\n\n\n\n<p class=\"has-medium-font-size\"><strong> ao\u00fbt<\/strong> <strong>2023<\/strong>  : <strong>FRANCE 3 ET LORVELO AU LAC DE MADINE<\/strong> <img loading=\"lazy\" decoding=\"async\" height=\"16\" width=\"16\" src=\"https:\/\/static.xx.fbcdn.net\/images\/emoji.php\/v9\/te0\/1\/16\/1f6b4.png\" alt=\"&#x1f6b4;\"><img loading=\"lazy\" decoding=\"async\" height=\"16\" width=\"16\" src=\"https:\/\/static.xx.fbcdn.net\/images\/emoji.php\/v9\/te0\/1\/16\/1f6b4.png\" alt=\"&#x1f6b4;\"><img loading=\"lazy\" decoding=\"async\" height=\"16\" width=\"16\" src=\"https:\/\/static.xx.fbcdn.net\/images\/emoji.php\/v9\/te0\/1\/16\/1f6b4.png\" alt=\"&#x1f6b4;\"><\/p>\n\n\n\n<p class=\"has-small-font-size\">Un tr\u00e8s beau reportage tourn\u00e9 au lac de Madine le 10 ao\u00fbt et diffus\u00e9 au JT du Grand Est 12-13h et 19-20h le 16 ao\u00fbt. In\u00e8s Texeira, son cameraman, son droniste et, bien s\u00fbr le petit peloton de lorvelo <img loading=\"lazy\" decoding=\"async\" height=\"16\" width=\"16\" alt=\"&#x1f600;\" src=\"https:\/\/static.xx.fbcdn.net\/images\/emoji.php\/v9\/tce\/1\/16\/1f600.png\"><img loading=\"lazy\" decoding=\"async\" height=\"16\" width=\"16\" alt=\"&#x1f600;\" src=\"https:\/\/static.xx.fbcdn.net\/images\/emoji.php\/v9\/tce\/1\/16\/1f600.png\"><img loading=\"lazy\" decoding=\"async\" height=\"16\" width=\"16\" alt=\"&#x1f600;\" src=\"https:\/\/static.xx.fbcdn.net\/images\/emoji.php\/v9\/tce\/1\/16\/1f600.png\"> devraient donner envie de faire du v\u00e9lo<img loading=\"lazy\" decoding=\"async\" height=\"16\" width=\"16\" alt=\"&#x1f6b4;&#x200d;&#x2640;&#xfe0f;\" src=\"https:\/\/static.xx.fbcdn.net\/images\/emoji.php\/v9\/te\/1\/16\/1f6b4_200d_2640.png\"><img loading=\"lazy\" decoding=\"async\" height=\"16\" width=\"16\" alt=\"&#x1f6b4;&#x200d;&#x2640;&#xfe0f;\" src=\"https:\/\/static.xx.fbcdn.net\/images\/emoji.php\/v9\/te\/1\/16\/1f6b4_200d_2640.png\">, de d\u00e9couvrir ou red\u00e9couvrir le lac de Madine et aux internautes de visiter le site lorvelo. fr ainsi que l&rsquo;appli Lorvelo <img loading=\"lazy\" decoding=\"async\" height=\"16\" width=\"16\" alt=\"&#x1f44d;\" src=\"https:\/\/static.xx.fbcdn.net\/images\/emoji.php\/v9\/tfc\/1\/16\/1f44d.png\"><img loading=\"lazy\" decoding=\"async\" height=\"16\" width=\"16\" alt=\"&#x1f44d;\" src=\"https:\/\/static.xx.fbcdn.net\/images\/emoji.php\/v9\/tfc\/1\/16\/1f44d.png\"><img loading=\"lazy\" decoding=\"async\" height=\"16\" width=\"16\" alt=\"&#x1f44d;\" src=\"https:\/\/static.xx.fbcdn.net\/images\/emoji.php\/v9\/tfc\/1\/16\/1f44d.png\"><\/p>\n\n\n\n<p class=\"has-small-font-size\">Pour visionner le reportage :<\/p>\n\n\n\n<p class=\"has-small-font-size\"><a href=\"http:\/\/www.alaincollot.fr\/videos\/Boucle%20de%20la%20Madine.mp4?fbclid=IwAR0lD8MbYjQtM0Yton7MepMiOO292rmpaB6r7udoyGFFtQONQvaaSvDPLMw\" rel=\"noreferrer noopener\" target=\"_blank\">http:\/\/www.alaincollot.fr\/&#8230;\/Boucle%20de%20la%20Madine.mp4<\/a><\/p>\n\n\n\n<p class=\"has-small-font-size\"><a href=\"https:\/\/www.facebook.com\/hashtag\/france3?__eep__=6&amp;__cft__[0]=AZVqKN785aIlK86pzZooUNtevJaSEvF_YW4iSbUrugcq8M50xrCaqlZydHVyLBOMqRaMGcXyyZEadKMDREvmOystRVVPoy0G4zMcu7fqFs2dkP4oeJ27LXHWIrwnIr9MtMlyhQqT_ccyNsdaZOWakWc7_jjWxVdxGp-mTVM-F-u9jYEb3h9F_4AxTHtmIfD2jPA&amp;__tn__=*NK-R\">#france3<\/a><a href=\"https:\/\/www.facebook.com\/hashtag\/france3grandest?__eep__=6&amp;__cft__[0]=AZVqKN785aIlK86pzZooUNtevJaSEvF_YW4iSbUrugcq8M50xrCaqlZydHVyLBOMqRaMGcXyyZEadKMDREvmOystRVVPoy0G4zMcu7fqFs2dkP4oeJ27LXHWIrwnIr9MtMlyhQqT_ccyNsdaZOWakWc7_jjWxVdxGp-mTVM-F-u9jYEb3h9F_4AxTHtmIfD2jPA&amp;__tn__=*NK-R\">#france3grandest<\/a><a href=\"https:\/\/www.facebook.com\/hashtag\/madine?__eep__=6&amp;__cft__[0]=AZVqKN785aIlK86pzZooUNtevJaSEvF_YW4iSbUrugcq8M50xrCaqlZydHVyLBOMqRaMGcXyyZEadKMDREvmOystRVVPoy0G4zMcu7fqFs2dkP4oeJ27LXHWIrwnIr9MtMlyhQqT_ccyNsdaZOWakWc7_jjWxVdxGp-mTVM-F-u9jYEb3h9F_4AxTHtmIfD2jPA&amp;__tn__=*NK-R\">#madine<\/a><a href=\"https:\/\/www.facebook.com\/hashtag\/nonsard?__eep__=6&amp;__cft__[0]=AZVqKN785aIlK86pzZooUNtevJaSEvF_YW4iSbUrugcq8M50xrCaqlZydHVyLBOMqRaMGcXyyZEadKMDREvmOystRVVPoy0G4zMcu7fqFs2dkP4oeJ27LXHWIrwnIr9MtMlyhQqT_ccyNsdaZOWakWc7_jjWxVdxGp-mTVM-F-u9jYEb3h9F_4AxTHtmIfD2jPA&amp;__tn__=*NK-R\">#nonsard<\/a><a href=\"https:\/\/www.facebook.com\/hashtag\/heudicourtsouslescotes?__eep__=6&amp;__cft__[0]=AZVqKN785aIlK86pzZooUNtevJaSEvF_YW4iSbUrugcq8M50xrCaqlZydHVyLBOMqRaMGcXyyZEadKMDREvmOystRVVPoy0G4zMcu7fqFs2dkP4oeJ27LXHWIrwnIr9MtMlyhQqT_ccyNsdaZOWakWc7_jjWxVdxGp-mTVM-F-u9jYEb3h9F_4AxTHtmIfD2jPA&amp;__tn__=*NK-R\">#heudicourtsouslescotes<\/a><a href=\"https:\/\/www.facebook.com\/hashtag\/montsec?__eep__=6&amp;__cft__[0]=AZVqKN785aIlK86pzZooUNtevJaSEvF_YW4iSbUrugcq8M50xrCaqlZydHVyLBOMqRaMGcXyyZEadKMDREvmOystRVVPoy0G4zMcu7fqFs2dkP4oeJ27LXHWIrwnIr9MtMlyhQqT_ccyNsdaZOWakWc7_jjWxVdxGp-mTVM-F-u9jYEb3h9F_4AxTHtmIfD2jPA&amp;__tn__=*NK-R\">#montsec<\/a><a href=\"https:\/\/www.facebook.com\/hashtag\/lorvelo?__eep__=6&amp;__cft__[0]=AZVqKN785aIlK86pzZooUNtevJaSEvF_YW4iSbUrugcq8M50xrCaqlZydHVyLBOMqRaMGcXyyZEadKMDREvmOystRVVPoy0G4zMcu7fqFs2dkP4oeJ27LXHWIrwnIr9MtMlyhQqT_ccyNsdaZOWakWc7_jjWxVdxGp-mTVM-F-u9jYEb3h9F_4AxTHtmIfD2jPA&amp;__tn__=*NK-R\">#lorvelo<\/a><\/p>\n\n\n<div class=\"wp-block-image\">\n<figure class=\"aligncenter size-full is-resized\"><img loading=\"lazy\" decoding=\"async\" width=\"677\" height=\"375\" src=\"https:\/\/www.alcollot.fr\/lorvelo-actu\/wp-content\/uploads\/2023\/08\/Capture-decran-2023-08-29-a-15.51.40.png\" alt=\"\" class=\"wp-image-509\" style=\"width:654px;height:362px\" srcset=\"https:\/\/www.alcollot.fr\/lorvelo-actu\/wp-content\/uploads\/2023\/08\/Capture-decran-2023-08-29-a-15.51.40.png 677w, https:\/\/www.alcollot.fr\/lorvelo-actu\/wp-content\/uploads\/2023\/08\/Capture-decran-2023-08-29-a-15.51.40-300x166.png 300w\" sizes=\"auto, (max-width: 677px) 100vw, 677px\" \/><\/figure>\n<\/div>\n\n\n<p class=\"has-medium-font-size\"><strong>2023 septembre :<\/strong><\/p>\n\n\n\n<p>Reportage photo : de Chieulles \u00e0 Vany<\/p>\n\n\n\n<p>Rando-v\u00e9lo-photo : de Center Parcs Hattigny \u00e0 Lorquin<\/p>\n\n\n\n<p>Rando-v\u00e9lo-photo : de Liverdun \u00e0 Frouard<\/p>\n\n\n\n<p>Reportage photo : une Voie Verte dans la vall\u00e9e de la fensch ???<\/p>\n\n\n\n<p class=\"has-medium-font-size\"><strong>2023 ao\u00fbt : <\/strong><\/p>\n\n\n\n<p>La boucle du lac de madine avec France 3<\/p>\n\n\n\n<p>Rando-v\u00e9lo-photo : la boucle Moselle-Activit\u00e9s depuis Ennery (57)<\/p>\n\n\n\n<p>Rando-v\u00e9lo-Photo : Voie Verte de Marly\u00e0  Marly<\/p>\n\n\n\n<p class=\"has-medium-font-size\"><strong>2023 juillet <\/strong>:<\/p>\n\n\n\n<p>Rando-v\u00e9lo : de Sion \u00e0 Bainville-aux-Miroirs<\/p>\n\n\n\n<p>Rando-v\u00e9lo-photo : la boucle d&rsquo;Hagondange<\/p>\n\n\n\n<p>Rando-v\u00e9lo-photo : de Micheville \u00e0 Esch-sur-Alzette (L)<\/p>\n\n\n\n<p>Rando -v\u00e9lo-photo : La Voie Verte de la Plaine, de Raon l&rsquo;\u00e9tape \u00e0 Raon-sur-Plaine<\/p>\n\n\n\n<p class=\"has-medium-font-size\"><strong>2023 juin <\/strong><\/p>\n\n\n\n<p>Rando-v\u00e9lo-photo : de M\u00e9r\u00e9ville \u00e0 Charmes<\/p>\n\n\n\n<p>Rando-v\u00e9lo-photo : de Charmes \u00e0 Epinal<\/p>\n\n\n\n<p>Rando-v\u00e9lo-Photo : Montrequienne-Norroy-le-Veneur<\/p>\n\n\n\n<p class=\"has-medium-font-size\"><strong>2023 mai Saarpedal \u00e0 Merzig (Sarre)<\/strong><\/p>\n\n\n<div class=\"wp-block-image\">\n<figure class=\"aligncenter size-large is-resized\"><img loading=\"lazy\" decoding=\"async\" width=\"1024\" height=\"768\" src=\"https:\/\/www.alcollot.fr\/lorvelo-actu\/wp-content\/uploads\/2023\/09\/P1000273-1024x768.jpeg\" alt=\"\" class=\"wp-image-655\" style=\"width:341px;height:256px\" srcset=\"https:\/\/www.alcollot.fr\/lorvelo-actu\/wp-content\/uploads\/2023\/09\/P1000273-1024x768.jpeg 1024w, https:\/\/www.alcollot.fr\/lorvelo-actu\/wp-content\/uploads\/2023\/09\/P1000273-300x225.jpeg 300w, https:\/\/www.alcollot.fr\/lorvelo-actu\/wp-content\/uploads\/2023\/09\/P1000273-768x576.jpeg 768w, https:\/\/www.alcollot.fr\/lorvelo-actu\/wp-content\/uploads\/2023\/09\/P1000273-1536x1152.jpeg 1536w, https:\/\/www.alcollot.fr\/lorvelo-actu\/wp-content\/uploads\/2023\/09\/P1000273-2048x1536.jpeg 2048w\" sizes=\"auto, (max-width: 1024px) 100vw, 1024px\" \/><\/figure>\n<\/div>\n\n\n<p class=\"has-small-font-size\">un grand rassemblement de cyclistes sur des Radwegen et des routes ferm\u00e9es \u00e0 la circulation<\/p>\n\n\n\n<p><strong>2023 mai<\/strong> <strong>LORVELO : une APPLI qui vous guidera sur les bonnes voies<\/strong> <img loading=\"lazy\" decoding=\"async\" height=\"16\" width=\"16\" src=\"https:\/\/static.xx.fbcdn.net\/images\/emoji.php\/v9\/te0\/1\/16\/1f6b4.png\" alt=\"&#x1f6b4;\"><img loading=\"lazy\" decoding=\"async\" height=\"16\" width=\"16\" src=\"https:\/\/static.xx.fbcdn.net\/images\/emoji.php\/v9\/te0\/1\/16\/1f6b4.png\" alt=\"&#x1f6b4;\"><img loading=\"lazy\" decoding=\"async\" height=\"16\" width=\"16\" src=\"https:\/\/static.xx.fbcdn.net\/images\/emoji.php\/v9\/te0\/1\/16\/1f6b4.png\" alt=\"&#x1f6b4;\"><\/p>\n\n\n\n<p class=\"has-small-font-size\">Un article du R\u00e9publicain Lorrain<\/p>\n\n\n\n<p class=\"has-small-font-size\">qui pr\u00e9sente le site Lorvelo.fr avec plus de 300 balades dans le Grand Est, le Bourgogne Franche-Comt\u00e9, la Sarre et le Luxembourg avec pour chaque balade un livret avec des photos, une carte et une trace gpx. <img loading=\"lazy\" decoding=\"async\" height=\"16\" width=\"16\" alt=\"&#x1f600;\" src=\"https:\/\/static.xx.fbcdn.net\/images\/emoji.php\/v9\/tce\/1\/16\/1f600.png\"><img loading=\"lazy\" decoding=\"async\" height=\"16\" width=\"16\" alt=\"&#x1f600;\" src=\"https:\/\/static.xx.fbcdn.net\/images\/emoji.php\/v9\/tce\/1\/16\/1f600.png\"><img loading=\"lazy\" decoding=\"async\" height=\"16\" width=\"16\" alt=\"&#x1f600;\" src=\"https:\/\/static.xx.fbcdn.net\/images\/emoji.php\/v9\/tce\/1\/16\/1f600.png\"><\/p>\n\n\n\n<p class=\"has-small-font-size\">ainsi que l&rsquo;appli lorvelo qui propose plus de 120 balades en Lorraine avec, pour les 20 plus fr\u00e9quent\u00e9es un diagnostic effectu\u00e9 en 2022 et recensant les points forts et les ponts faibles. L&rsquo;appli poursuit le m\u00eame but que le site : donner envie de faire du v\u00e9lo et de proposer des balades sur toute la Lorraine. <img loading=\"lazy\" decoding=\"async\" height=\"16\" width=\"16\" alt=\"&#x1f44d;\" src=\"https:\/\/static.xx.fbcdn.net\/images\/emoji.php\/v9\/tfc\/1\/16\/1f44d.png\"><img loading=\"lazy\" decoding=\"async\" height=\"16\" width=\"16\" alt=\"&#x1f44d;\" src=\"https:\/\/static.xx.fbcdn.net\/images\/emoji.php\/v9\/tfc\/1\/16\/1f44d.png\"><img loading=\"lazy\" decoding=\"async\" height=\"16\" width=\"16\" alt=\"&#x1f44d;\" src=\"https:\/\/static.xx.fbcdn.net\/images\/emoji.php\/v9\/tfc\/1\/16\/1f44d.png\"><\/p>\n\n\n\n<p class=\"has-small-font-size\"><a rel=\"noreferrer noopener\" href=\"https:\/\/www.facebook.com\/hashtag\/republicainlorrain?__eep__=6&amp;__cft__[0]=AZUA6BAx2FwDiA0AWGto5h5kURW759bRJlCp0_RG33HhwgCjxRPWO5v1aOT3lMJHGTxDwNVQVr8YM-h6Cm-cfJmyluIPt3Zne2IHwf0wV54lJI0hz0qjSgKy3HHYT7mVob4&amp;__tn__=*NK-R\" target=\"_blank\">#republicainlorrain<\/a><a rel=\"noreferrer noopener\" href=\"https:\/\/www.facebook.com\/hashtag\/lorvelo?__eep__=6&amp;__cft__[0]=AZUA6BAx2FwDiA0AWGto5h5kURW759bRJlCp0_RG33HhwgCjxRPWO5v1aOT3lMJHGTxDwNVQVr8YM-h6Cm-cfJmyluIPt3Zne2IHwf0wV54lJI0hz0qjSgKy3HHYT7mVob4&amp;__tn__=*NK-R\" target=\"_blank\">#lorvelo<\/a><a rel=\"noreferrer noopener\" href=\"https:\/\/www.facebook.com\/hashtag\/velo?__eep__=6&amp;__cft__[0]=AZUA6BAx2FwDiA0AWGto5h5kURW759bRJlCp0_RG33HhwgCjxRPWO5v1aOT3lMJHGTxDwNVQVr8YM-h6Cm-cfJmyluIPt3Zne2IHwf0wV54lJI0hz0qjSgKy3HHYT7mVob4&amp;__tn__=*NK-R\" target=\"_blank\">#velo<\/a><a rel=\"noreferrer noopener\" href=\"https:\/\/www.facebook.com\/hashtag\/cyclisme?__eep__=6&amp;__cft__[0]=AZUA6BAx2FwDiA0AWGto5h5kURW759bRJlCp0_RG33HhwgCjxRPWO5v1aOT3lMJHGTxDwNVQVr8YM-h6Cm-cfJmyluIPt3Zne2IHwf0wV54lJI0hz0qjSgKy3HHYT7mVob4&amp;__tn__=*NK-R\" target=\"_blank\">#cyclisme<\/a><a rel=\"noreferrer noopener\" href=\"https:\/\/www.facebook.com\/hashtag\/balade%C3%A0v%C3%A9lo?__eep__=6&amp;__cft__[0]=AZUA6BAx2FwDiA0AWGto5h5kURW759bRJlCp0_RG33HhwgCjxRPWO5v1aOT3lMJHGTxDwNVQVr8YM-h6Cm-cfJmyluIPt3Zne2IHwf0wV54lJI0hz0qjSgKy3HHYT7mVob4&amp;__tn__=*NK-R\" target=\"_blank\">#balade\u00e0v\u00e9lo<\/a><a rel=\"noreferrer noopener\" href=\"https:\/\/www.facebook.com\/hashtag\/velorandonnee?__eep__=6&amp;__cft__[0]=AZUA6BAx2FwDiA0AWGto5h5kURW759bRJlCp0_RG33HhwgCjxRPWO5v1aOT3lMJHGTxDwNVQVr8YM-h6Cm-cfJmyluIPt3Zne2IHwf0wV54lJI0hz0qjSgKy3HHYT7mVob4&amp;__tn__=*NK-R\" target=\"_blank\">#velorandonnee<\/a><a rel=\"noreferrer noopener\" href=\"https:\/\/www.facebook.com\/hashtag\/passionvelo?__eep__=6&amp;__cft__[0]=AZUA6BAx2FwDiA0AWGto5h5kURW759bRJlCp0_RG33HhwgCjxRPWO5v1aOT3lMJHGTxDwNVQVr8YM-h6Cm-cfJmyluIPt3Zne2IHwf0wV54lJI0hz0qjSgKy3HHYT7mVob4&amp;__tn__=*NK-R\" target=\"_blank\">#passionvelo<\/a><a rel=\"noreferrer noopener\" href=\"https:\/\/www.facebook.com\/hashtag\/velonature?__eep__=6&amp;__cft__[0]=AZUA6BAx2FwDiA0AWGto5h5kURW759bRJlCp0_RG33HhwgCjxRPWO5v1aOT3lMJHGTxDwNVQVr8YM-h6Cm-cfJmyluIPt3Zne2IHwf0wV54lJI0hz0qjSgKy3HHYT7mVob4&amp;__tn__=*NK-R\" target=\"_blank\">#velonature<\/a><a rel=\"noreferrer noopener\" href=\"https:\/\/www.facebook.com\/hashtag\/bikelife?__eep__=6&amp;__cft__[0]=AZUA6BAx2FwDiA0AWGto5h5kURW759bRJlCp0_RG33HhwgCjxRPWO5v1aOT3lMJHGTxDwNVQVr8YM-h6Cm-cfJmyluIPt3Zne2IHwf0wV54lJI0hz0qjSgKy3HHYT7mVob4&amp;__tn__=*NK-R\" target=\"_blank\">#bikelife<\/a><a rel=\"noreferrer noopener\" href=\"https:\/\/www.facebook.com\/hashtag\/veloexplore?__eep__=6&amp;__cft__[0]=AZUA6BAx2FwDiA0AWGto5h5kURW759bRJlCp0_RG33HhwgCjxRPWO5v1aOT3lMJHGTxDwNVQVr8YM-h6Cm-cfJmyluIPt3Zne2IHwf0wV54lJI0hz0qjSgKy3HHYT7mVob4&amp;__tn__=*NK-R\" target=\"_blank\">#veloexplore<\/a><\/p>\n\n\n<div class=\"wp-block-image\">\n<figure class=\"aligncenter size-full is-resized\"><img loading=\"lazy\" decoding=\"async\" width=\"978\" height=\"774\" src=\"https:\/\/www.alcollot.fr\/lorvelo-actu\/wp-content\/uploads\/2023\/08\/Capture-decran-2023-08-29-a-15.53.11.png\" alt=\"\" class=\"wp-image-512\" style=\"width:467px;height:369px\" srcset=\"https:\/\/www.alcollot.fr\/lorvelo-actu\/wp-content\/uploads\/2023\/08\/Capture-decran-2023-08-29-a-15.53.11.png 978w, https:\/\/www.alcollot.fr\/lorvelo-actu\/wp-content\/uploads\/2023\/08\/Capture-decran-2023-08-29-a-15.53.11-300x237.png 300w, https:\/\/www.alcollot.fr\/lorvelo-actu\/wp-content\/uploads\/2023\/08\/Capture-decran-2023-08-29-a-15.53.11-768x608.png 768w\" sizes=\"auto, (max-width: 978px) 100vw, 978px\" \/><\/figure>\n<\/div>\n\n\n<p class=\"has-medium-font-size\"><strong>2022 d\u00e9cembre :  RESULTATS DE L&rsquo;ENQUETE<\/strong><\/p>\n\n\n\n<p>publication des diagnostics <\/p>\n\n\n\n<p><a href=\"https:\/\/www.alaincollot.fr\/le-blog-lorvelo\/\">https:\/\/www.alaincollot.fr\/le-blog-lorvelo\/<\/a><\/p>\n\n\n\n<p class=\"has-medium-font-size\"><strong>2022 avril : LANCEMENT DE L&rsquo;ENQUETE<\/strong><\/p>\n\n\n\n<p>effectu\u00e9e sur les 20 balades les plus fr\u00e9quent\u00e9es en Lorraine<\/p>\n\n\n\n<p><a href=\"https:\/\/docs.google.com\/forms\/d\/1cPmb9s_bbB02lv2HrKudkkRfolcrLB_TQ11Yrzrmnok\/edit\">https:\/\/docs.google.com\/forms\/d\/1cPmb9s_bbB02lv2HrKudkkRfolcrLB_TQ11Yrzrmnok\/edit<\/a><\/p>\n\n\n\n<p class=\"has-medium-font-size\"><strong>2022 mars : MISE EN LIGNE DE L&rsquo;APPLI LORVELO<\/strong><\/p>\n\n\n<div class=\"wp-block-image\">\n<figure class=\"aligncenter size-large is-resized\"><img loading=\"lazy\" decoding=\"async\" width=\"576\" height=\"1024\" src=\"https:\/\/www.alcollot.fr\/lorvelo-actu\/wp-content\/uploads\/2023\/08\/IMG_7129-576x1024.png\" alt=\"\" class=\"wp-image-513\" style=\"width:483px;height:859px\" srcset=\"https:\/\/www.alcollot.fr\/lorvelo-actu\/wp-content\/uploads\/2023\/08\/IMG_7129-576x1024.png 576w, https:\/\/www.alcollot.fr\/lorvelo-actu\/wp-content\/uploads\/2023\/08\/IMG_7129-169x300.png 169w, https:\/\/www.alcollot.fr\/lorvelo-actu\/wp-content\/uploads\/2023\/08\/IMG_7129-768x1365.png 768w, https:\/\/www.alcollot.fr\/lorvelo-actu\/wp-content\/uploads\/2023\/08\/IMG_7129-864x1536.png 864w, https:\/\/www.alcollot.fr\/lorvelo-actu\/wp-content\/uploads\/2023\/08\/IMG_7129-1152x2048.png 1152w, https:\/\/www.alcollot.fr\/lorvelo-actu\/wp-content\/uploads\/2023\/08\/IMG_7129.png 1242w\" sizes=\"auto, (max-width: 576px) 100vw, 576px\" \/><\/figure>\n<\/div>\n\n<div class=\"wp-block-image\">\n<figure class=\"aligncenter size-full is-resized\"><img loading=\"lazy\" decoding=\"async\" width=\"145\" height=\"49\" src=\"https:\/\/www.alcollot.fr\/lorvelo-actu\/wp-content\/uploads\/2023\/08\/Capture-decran-2023-08-29-a-16.08.45.png\" alt=\"\" class=\"wp-image-514\" style=\"width:213px;height:72px\"\/><\/figure>\n<\/div>\n\n<div class=\"wp-block-image\">\n<figure class=\"aligncenter size-full is-resized\"><img loading=\"lazy\" decoding=\"async\" width=\"148\" height=\"47\" src=\"https:\/\/www.alcollot.fr\/lorvelo-actu\/wp-content\/uploads\/2023\/08\/Capture-decran-2023-08-29-a-16.09.02.png\" alt=\"\" class=\"wp-image-515\" style=\"width:216px;height:69px\"\/><\/figure>\n<\/div>\n\n\n<p class=\"has-small-font-size\">Plus de 120 balades en Lorraine, Sarre et Luxembourg avec une recherche facilit\u00e9e par la pr\u00e9sentation sur une carte<\/p>\n","protected":false},"excerpt":{"rendered":"<p>f\u00e9vrier 2024 LA VALLEE DE LA MEURTHE un bel article du d\u00e9partement de Meurthe-et-Moselle https:\/\/www.facebook.com\/search\/top?q=vallee%20de%20la%20meurthe lorvelo travaille actuellement sur un nouveau parcours \u00ab\u00a0La Meurthe \u00e0 v\u00e9lo\u00a0\u00bb, qui sera publi\u00e9 au&#8230; <a class=\"read-more\" href=\"https:\/\/www.alcollot.fr\/lorvelo-actu\/les-actualites-lorvelo\/\">[Continuer la lecture]<\/a><\/p>\n","protected":false},"author":2,"featured_media":712,"comment_status":"closed","ping_status":"closed","sticky":false,"template":"","format":"standard","meta":{"footnotes":""},"categories":[10],"tags":[],"class_list":["post-182","post","type-post","status-publish","format-standard","has-post-thumbnail","hentry","category-lorvelo-actualites"],"_links":{"self":[{"href":"https:\/\/www.alcollot.fr\/lorvelo-actu\/wp-json\/wp\/v2\/posts\/182","targetHints":{"allow":["GET"]}}],"collection":[{"href":"https:\/\/www.alcollot.fr\/lorvelo-actu\/wp-json\/wp\/v2\/posts"}],"about":[{"href":"https:\/\/www.alcollot.fr\/lorvelo-actu\/wp-json\/wp\/v2\/types\/post"}],"author":[{"embeddable":true,"href":"https:\/\/www.alcollot.fr\/lorvelo-actu\/wp-json\/wp\/v2\/users\/2"}],"replies":[{"embeddable":true,"href":"https:\/\/www.alcollot.fr\/lorvelo-actu\/wp-json\/wp\/v2\/comments?post=182"}],"version-history":[{"count":34,"href":"https:\/\/www.alcollot.fr\/lorvelo-actu\/wp-json\/wp\/v2\/posts\/182\/revisions"}],"predecessor-version":[{"id":1069,"href":"https:\/\/www.alcollot.fr\/lorvelo-actu\/wp-json\/wp\/v2\/posts\/182\/revisions\/1069"}],"wp:featuredmedia":[{"embeddable":true,"href":"https:\/\/www.alcollot.fr\/lorvelo-actu\/wp-json\/wp\/v2\/media\/712"}],"wp:attachment":[{"href":"https:\/\/www.alcollot.fr\/lorvelo-actu\/wp-json\/wp\/v2\/media?parent=182"}],"wp:term":[{"taxonomy":"category","embeddable":true,"href":"https:\/\/www.alcollot.fr\/lorvelo-actu\/wp-json\/wp\/v2\/categories?post=182"},{"taxonomy":"post_tag","embeddable":true,"href":"https:\/\/www.alcollot.fr\/lorvelo-actu\/wp-json\/wp\/v2\/tags?post=182"}],"curies":[{"name":"wp","href":"https:\/\/api.w.org\/{rel}","templated":true}]}}